{"id":823,"date":"2024-04-20T16:50:14","date_gmt":"2024-04-20T13:50:14","guid":{"rendered":"https:\/\/www.vytautasbelt.eu\/fundacja-wolynska-dolacza-do-grupy-dzialan-rzeczniczych-na-rzecz-cyfryzacji-i-sztucznej-inteligencji\/"},"modified":"2024-04-20T16:50:14","modified_gmt":"2024-04-20T13:50:14","slug":"fundacja-wolynska-dolacza-do-grupy-dzialan-rzeczniczych-na-rzecz-cyfryzacji-i-sztucznej-inteligencji","status":"publish","type":"post","link":"https:\/\/www.vytautasbelt.eu\/pl\/fundacja-wolynska-dolacza-do-grupy-dzialan-rzeczniczych-na-rzecz-cyfryzacji-i-sztucznej-inteligencji\/","title":{"rendered":"Fundacja Wo\u0142y\u0144ska do\u0142\u0105cza do grupy dzia\u0142a\u0144 rzeczniczych na rzecz cyfryzacji i sztucznej inteligencji"},"content":{"rendered":"<p><strong>Fundacja Volyn z rado\u015bci\u0105 og\u0142asza sw\u00f3j udzia\u0142 w nowo utworzonej Advocacy Action Group on Digital and AI, utworzonej przez Michael Culture Association (MCA) i Culture Action Europe (CAE). Celem tej inicjatywy jest or\u0119dowanie na rzecz sprawiedliwych polityk cyfrowych, kt\u00f3re przynosz\u0105 korzy\u015bci profesjonalistom z dziedziny kultury i dziedzictwa. <\/strong><\/p>\n<p>Jako cz\u0142onek, Fundacja Wo\u0142y\u0144ska przy\u0142\u0105czy si\u0119 do wysi\u0142k\u00f3w maj\u0105cych na celu wp\u0142ywanie na polityk\u0119 cyfrow\u0105 poprzez badania analizuj\u0105ce potrzeby, zalecenia dotycz\u0105ce polityki i wsp\u00f3lne o\u015bwiadczenia. Nasze zaanga\u017cowanie w t\u0119 grup\u0119 jest wzmocnione naszym do\u015bwiadczeniem i sieci\u0105 kontakt\u00f3w zdobyt\u0105 w ramach projektu DGTRAN, podkre\u015blaj\u0105c nasze zaanga\u017cowanie w promowanie transformacji cyfrowej w sektorze dziedzictwa kulturowego.<\/p>\n<p>Grupa Dzia\u0142ania zorganizuje dwa spotkania online w nadchodz\u0105cych miesi\u0105cach, zapewniaj\u0105c platform\u0119 do omawiania strategii i przeprowadzania ocen potrzeb. Ten udzia\u0142 wzmacnia nasze zaanga\u017cowanie w przyczynianie si\u0119 do bardziej zorientowanego na cz\u0142owieka podej\u015bcia do polityki cyfrowej, zapewniaj\u0105c, \u017ce perspektywy i potrzeby sektora dziedzictwa kulturowego s\u0105 dobrze reprezentowane i uwzgl\u0119dniane. <\/p>\n<p><strong>Z niecierpliwo\u015bci\u0105 czekamy na wsp\u00f3\u0142prac\u0119 z naszymi kolegami i na realizacj\u0119 naszej misji, kt\u00f3rej celem jest w\u0142\u0105czenie ukrai\u0144skiego dziedzictwa kulturowego do kontekstu europejskiego i \u015bwiatowego poprzez innowacyjne rozwi\u0105zania cyfrowe.<\/strong><\/p>\n","protected":false},"excerpt":{"rendered":"<p>Fundacja Volyn z rado\u015bci\u0105 og\u0142asza sw\u00f3j udzia\u0142 w nowo utworzonej Advocacy Action Group on Digital and AI, utworzonej przez Michael Culture Association (MCA) i Culture Action Europe (CAE). Celem tej inicjatywy jest or\u0119dowanie na rzecz sprawiedliwych polityk cyfrowych, kt\u00f3re przynosz\u0105 korzy\u015bci profesjonalistom z dziedziny kultury i dziedzictwa. Jako cz\u0142onek, Fundacja Wo\u0142y\u0144ska przy\u0142\u0105czy si\u0119 do wysi\u0142k\u00f3w&#8230;<\/p>\n","protected":false},"author":1,"featured_media":653,"comment_status":"closed","ping_status":"open","sticky":false,"template":"","format":"standard","meta":{"footnotes":""},"categories":[6],"tags":[],"class_list":["post-823","post","type-post","status-publish","format-standard","has-post-thumbnail","hentry","category-bez-kategorii"],"_links":{"self":[{"href":"https:\/\/www.vytautasbelt.eu\/pl\/wp-json\/wp\/v2\/posts\/823","targetHints":{"allow":["GET"]}}],"collection":[{"href":"https:\/\/www.vytautasbelt.eu\/pl\/wp-json\/wp\/v2\/posts"}],"about":[{"href":"https:\/\/www.vytautasbelt.eu\/pl\/wp-json\/wp\/v2\/types\/post"}],"author":[{"embeddable":true,"href":"https:\/\/www.vytautasbelt.eu\/pl\/wp-json\/wp\/v2\/users\/1"}],"replies":[{"embeddable":true,"href":"https:\/\/www.vytautasbelt.eu\/pl\/wp-json\/wp\/v2\/comments?post=823"}],"version-history":[{"count":0,"href":"https:\/\/www.vytautasbelt.eu\/pl\/wp-json\/wp\/v2\/posts\/823\/revisions"}],"wp:featuredmedia":[{"embeddable":true,"href":"https:\/\/www.vytautasbelt.eu\/pl\/wp-json\/wp\/v2\/media\/653"}],"wp:attachment":[{"href":"https:\/\/www.vytautasbelt.eu\/pl\/wp-json\/wp\/v2\/media?parent=823"}],"wp:term":[{"taxonomy":"category","embeddable":true,"href":"https:\/\/www.vytautasbelt.eu\/pl\/wp-json\/wp\/v2\/categories?post=823"},{"taxonomy":"post_tag","embeddable":true,"href":"https:\/\/www.vytautasbelt.eu\/pl\/wp-json\/wp\/v2\/tags?post=823"}],"curies":[{"name":"wp","href":"https:\/\/api.w.org\/{rel}","templated":true}]}}