{"id":822,"date":"2023-12-01T16:45:41","date_gmt":"2023-12-01T14:45:41","guid":{"rendered":"https:\/\/www.vytautasbelt.eu\/prezentacja-inicjatyw-fundacji-wolynskiej-i-projektu-naukowego-miasto-i-wojna-na-uniwersytecie-karazin\/"},"modified":"2023-12-01T16:45:41","modified_gmt":"2023-12-01T14:45:41","slug":"prezentacja-inicjatyw-fundacji-wolynskiej-i-projektu-naukowego-miasto-i-wojna-na-uniwersytecie-karazin","status":"publish","type":"post","link":"https:\/\/www.vytautasbelt.eu\/pl\/prezentacja-inicjatyw-fundacji-wolynskiej-i-projektu-naukowego-miasto-i-wojna-na-uniwersytecie-karazin\/","title":{"rendered":"Prezentacja Inicjatyw Fundacji Wo\u0142y\u0144skiej i Projektu Naukowego \u201eMiasto i Wojna\u201d na Uniwersytecie Karazin"},"content":{"rendered":"<p><strong>W dniu 1 grudnia 2023 roku Katedra Historiografii, Studi\u00f3w \u0179r\u00f3d\u0142owych i Archeologii V.N. Na Uniwersytecie Narodowym w Karazinie w Charkowie odby\u0142a si\u0119 prezentacja inicjatyw Fundacji Wo\u0142y\u0144skiej oraz projektu naukowego \u201eMiasto i wojna\u201d (Twarz Miasta). Wydarzenie zosta\u0142o zorganizowane w ramach wsp\u00f3lnego spotkania Studenckiego Klubu Historiografii, Studi\u00f3w \u0179r\u00f3d\u0142owych i SID oraz Ko\u0142a Historycznego Uniwersytetu Karazin. <\/strong><\/p>\n<p><img decoding=\"async\" class=\"alignnone wp-image-121 size-full\" src=\"https:\/\/www.vytautasbelt.eu\/wp-content\/uploads\/2024\/08\/10.2.jpeg\" alt=\"Prezentacja inicjatyw Fundacji Wo\u0142y\u0144skiej i projektu naukowego \u201eMIASTO I WOJNA\u201d na Uniwersytecie Karazin\" width=\"2048\" height=\"1280\" srcset=\"https:\/\/www.vytautasbelt.eu\/wp-content\/uploads\/2024\/08\/10.2.jpeg 2048w, https:\/\/www.vytautasbelt.eu\/wp-content\/uploads\/2024\/08\/10.2-300x188.jpeg 300w, https:\/\/www.vytautasbelt.eu\/wp-content\/uploads\/2024\/08\/10.2-1024x640.jpeg 1024w\" sizes=\"(max-width: 2048px) 100vw, 2048px\" \/><\/p>\n<p>Celem prezentacji by\u0142o zapoznanie student\u00f3w i wyk\u0142adowc\u00f3w z dzia\u0142alno\u015bci\u0105 Fundacji Wo\u0142y\u0144skiej, jej projektami wspieranymi w ramach programu Kreatywna Europa oraz wynikami projektu naukowego \u201eMiasto i wojna\u201d. Prelegenci podzielili si\u0119 swoimi do\u015bwiadczeniami i wnioskami, podkre\u015blaj\u0105c znaczenie bada\u0144 nad dziedzictwem kulturowym i histori\u0105 w czasie wojny.<\/p>\n<p>Szczeg\u00f3lne podzi\u0119kowania nale\u017c\u0105 si\u0119 prelegentom wydarzenia \u2013 Annie Bondarenko, Jewhenowi Raczkowowi, Annie Danylchuk i Martie Sydoruk \u2013 za anga\u017cuj\u0105ce prezentacje i aktywny udzia\u0142 w dyskusji. Ich przem\u00f3wienia nie tylko poinformowa\u0142y s\u0142uchaczy o bie\u017c\u0105cych problemach i wyzwaniach, ale tak\u017ce zainspirowa\u0142y do dalszych bada\u0144 i wsp\u00f3\u0142pracy.   <\/p>\n<p><img decoding=\"async\" class=\"alignnone wp-image-122 size-full\" src=\"https:\/\/www.vytautasbelt.eu\/wp-content\/uploads\/2024\/08\/10.3.jpeg\" alt=\"Prezentacja inicjatyw Fundacji Wo\u0142y\u0144skiej i projektu naukowego \u201eMIASTO I WOJNA\u201d na Uniwersytecie Karazin\" width=\"1572\" height=\"884\" srcset=\"https:\/\/www.vytautasbelt.eu\/wp-content\/uploads\/2024\/08\/10.3.jpeg 1572w, https:\/\/www.vytautasbelt.eu\/wp-content\/uploads\/2024\/08\/10.3-300x169.jpeg 300w, https:\/\/www.vytautasbelt.eu\/wp-content\/uploads\/2024\/08\/10.3-1024x576.jpeg 1024w\" sizes=\"(max-width: 1572px) 100vw, 1572px\" \/><\/p>\n<p>Wyra\u017camy r\u00f3wnie\u017c wdzi\u0119czno\u015b\u0107 organizatorom wydarzenia \u2013 Viktorii Ivashchenko i Yulii Kiselyovej \u2013 za doskona\u0142\u0105 organizacj\u0119 wydarzenia i stworzenie platformy do wymiany pomys\u0142\u00f3w i do\u015bwiadcze\u0144. Prezentacja inicjatyw Fundacji Wo\u0142y\u0144skiej i projektu naukowego \u201eMiasto i wojna\u201d stanowi\u0142a wa\u017cny krok w promowaniu bada\u0144 naukowych i inicjatyw publicznych w dziedzinie historii i dziedzictwa kulturowego, podkre\u015blaj\u0105c znaczenie tych bada\u0144 dla wsp\u00f3\u0142czesnego spo\u0142ecze\u0144stwa ukrai\u0144skiego.<\/p>\n","protected":false},"excerpt":{"rendered":"<p>W dniu 1 grudnia 2023 roku Katedra Historiografii, Studi\u00f3w \u0179r\u00f3d\u0142owych i Archeologii V.N. Na Uniwersytecie Narodowym w Karazinie w Charkowie odby\u0142a si\u0119 prezentacja inicjatyw Fundacji Wo\u0142y\u0144skiej oraz projektu naukowego \u201eMiasto i wojna\u201d (Twarz Miasta). Wydarzenie zosta\u0142o zorganizowane w ramach wsp\u00f3lnego spotkania Studenckiego Klubu Historiografii, Studi\u00f3w \u0179r\u00f3d\u0142owych i SID oraz Ko\u0142a Historycznego Uniwersytetu Karazin. Celem prezentacji&#8230;<\/p>\n","protected":false},"author":1,"featured_media":635,"comment_status":"closed","ping_status":"open","sticky":false,"template":"","format":"standard","meta":{"footnotes":""},"categories":[6],"tags":[],"class_list":["post-822","post","type-post","status-publish","format-standard","has-post-thumbnail","hentry","category-bez-kategorii"],"_links":{"self":[{"href":"https:\/\/www.vytautasbelt.eu\/pl\/wp-json\/wp\/v2\/posts\/822","targetHints":{"allow":["GET"]}}],"collection":[{"href":"https:\/\/www.vytautasbelt.eu\/pl\/wp-json\/wp\/v2\/posts"}],"about":[{"href":"https:\/\/www.vytautasbelt.eu\/pl\/wp-json\/wp\/v2\/types\/post"}],"author":[{"embeddable":true,"href":"https:\/\/www.vytautasbelt.eu\/pl\/wp-json\/wp\/v2\/users\/1"}],"replies":[{"embeddable":true,"href":"https:\/\/www.vytautasbelt.eu\/pl\/wp-json\/wp\/v2\/comments?post=822"}],"version-history":[{"count":0,"href":"https:\/\/www.vytautasbelt.eu\/pl\/wp-json\/wp\/v2\/posts\/822\/revisions"}],"wp:featuredmedia":[{"embeddable":true,"href":"https:\/\/www.vytautasbelt.eu\/pl\/wp-json\/wp\/v2\/media\/635"}],"wp:attachment":[{"href":"https:\/\/www.vytautasbelt.eu\/pl\/wp-json\/wp\/v2\/media?parent=822"}],"wp:term":[{"taxonomy":"category","embeddable":true,"href":"https:\/\/www.vytautasbelt.eu\/pl\/wp-json\/wp\/v2\/categories?post=822"},{"taxonomy":"post_tag","embeddable":true,"href":"https:\/\/www.vytautasbelt.eu\/pl\/wp-json\/wp\/v2\/tags?post=822"}],"curies":[{"name":"wp","href":"https:\/\/api.w.org\/{rel}","templated":true}]}}