{"id":832,"date":"2023-10-13T16:35:26","date_gmt":"2023-10-13T13:35:26","guid":{"rendered":"https:\/\/www.vytautasbelt.eu\/voluines-fondo-dalyvavimas-europeanatech-2023-konferencijoje\/"},"modified":"2023-10-13T16:35:26","modified_gmt":"2023-10-13T13:35:26","slug":"voluines-fondo-dalyvavimas-europeanatech-2023-konferencijoje","status":"publish","type":"post","link":"https:\/\/www.vytautasbelt.eu\/lt\/voluines-fondo-dalyvavimas-europeanatech-2023-konferencijoje\/","title":{"rendered":"Voluin\u0117s fondo dalyvavimas EuropeanaTech 2023 konferencijoje"},"content":{"rendered":"<p><strong>Voluin\u0117s fondas, vadovaujamas jo vadov\u0117s Annos Danylchuk, neseniai dalyvavo \u201eEuropeanaTech 2023\u201c konferencijoje. \u0160is renginys sukviet\u0117 skaitmeninio kult\u016bros paveldo ekspertus ir profesionalus aptarti naujausi\u0173 technologij\u0173 pa\u017eangos ir geriausios praktikos. <\/strong><br \/>\n<strong>Voluin\u0117s fondas dalyvavo hibridin\u0117je sesijoje ir diskusijoje \u201eNuo lentynos iki Europeanos\u201c, kuri\u0105 moderavo Henk Alkemade ir Andrija Sagic.<\/strong><\/p>\n<p>Diskusijos metu Anna Danylchuk skait\u0117 prane\u0161im\u0105 apie Rusijos karo keliamus pavojus ir sunaikinimus Ukrainos kult\u016bros paveldo objektams. Jos kalboje pabr\u0117\u017etas neatid\u0117liotinas tarptautinio bendradarbiavimo poreikis, siekiant apsaugoti ir skaitmeninti Ukrainos kult\u016bros paveld\u0105, esant nuolatin\u0117ms gr\u0117sm\u0117ms. Konferencija suteik\u0117 ne\u012fkainojam\u0105 platform\u0105 Voluin\u0117s fondui pasidalinti savo patirtimi i\u0161 DGTRAN projekto (remiamas programos \u201eK\u016brybi\u0161ka Europa\u201c), pabr\u0117\u017eiant skaitmenin\u0117s transformacijos svarb\u0105 i\u0161saugant kult\u016bros paveld\u0105. Dalyviai diskutavo apie novatori\u0161kus sprendimus ir strategijas, kaip suma\u017einti rizik\u0105, su kuria susiduria kult\u016bros paveldo objektai konflikt\u0173 zonose, sustiprindami pasaulinio solidarumo ir paramos poreik\u012f. Voluin\u0117s fondo dalyvavimas \u201eEuropeanaTech 2023\u201c parod\u0117 m\u016bs\u0173 \u012fsipareigojim\u0105 i\u0161saugoti kult\u016br\u0105 ir paskatino naujas partnerystes bei bendradarbiavim\u0105, skirt\u0105 sustiprinti kult\u016bros paveldo apsaug\u0105 ir skaitmeninim\u0105 Ukrainoje. \u0160is dalyvavimas pabr\u0117\u017eia m\u016bs\u0173 atsidavim\u0105 integruoti Ukrainos kult\u016bros paveld\u0105 \u012f Europos ir pasaulio kontekst\u0105, u\u017etikrinant jo i\u0161saugojim\u0105 ateities kartoms. <\/p>\n<p><strong>Nor\u0117dami gauti daugiau informacijos apie konferencij\u0105, galite atsisi\u0173sti program\u0105:<\/strong><br \/>\n<a href=\"\/wp-content\/uploads\/2024\/08\/8.pdf\" target=\"_blank\" rel=\"noopener\">CULTURAL HERITAGE IN THE DATA SPACE AND BEYOND &#8211; EuropeanaTech 2023.pdf<\/a><\/p>\n<p><strong>arba apsilankykite oficialioje Europeana iniciatyvos svetain\u0117je:<\/strong><br \/>\n<a href=\"https:\/\/pro.europeana.eu\/\" target=\"_blank\" rel=\"noopener\">https:\/\/pro.europeana.eu\/<\/a><\/p>\n","protected":false},"excerpt":{"rendered":"<p>Voluin\u0117s fondas, vadovaujamas jo vadov\u0117s Annos Danylchuk, neseniai dalyvavo \u201eEuropeanaTech 2023\u201c konferencijoje. \u0160is renginys sukviet\u0117 skaitmeninio kult\u016bros paveldo ekspertus ir profesionalus aptarti naujausi\u0173 technologij\u0173 pa\u017eangos ir geriausios praktikos. Voluin\u0117s fondas dalyvavo hibridin\u0117je sesijoje ir diskusijoje \u201eNuo lentynos iki Europeanos\u201c, kuri\u0105 moderavo Henk Alkemade ir Andrija Sagic. Diskusijos metu Anna Danylchuk skait\u0117 prane\u0161im\u0105 apie Rusijos karo&#8230;<\/p>\n","protected":false},"author":1,"featured_media":622,"comment_status":"closed","ping_status":"open","sticky":false,"template":"","format":"standard","meta":{"footnotes":""},"categories":[7],"tags":[],"class_list":["post-832","post","type-post","status-publish","format-standard","has-post-thumbnail","hentry","category-uncategorized-lt"],"_links":{"self":[{"href":"https:\/\/www.vytautasbelt.eu\/lt\/wp-json\/wp\/v2\/posts\/832","targetHints":{"allow":["GET"]}}],"collection":[{"href":"https:\/\/www.vytautasbelt.eu\/lt\/wp-json\/wp\/v2\/posts"}],"about":[{"href":"https:\/\/www.vytautasbelt.eu\/lt\/wp-json\/wp\/v2\/types\/post"}],"author":[{"embeddable":true,"href":"https:\/\/www.vytautasbelt.eu\/lt\/wp-json\/wp\/v2\/users\/1"}],"replies":[{"embeddable":true,"href":"https:\/\/www.vytautasbelt.eu\/lt\/wp-json\/wp\/v2\/comments?post=832"}],"version-history":[{"count":0,"href":"https:\/\/www.vytautasbelt.eu\/lt\/wp-json\/wp\/v2\/posts\/832\/revisions"}],"wp:featuredmedia":[{"embeddable":true,"href":"https:\/\/www.vytautasbelt.eu\/lt\/wp-json\/wp\/v2\/media\/622"}],"wp:attachment":[{"href":"https:\/\/www.vytautasbelt.eu\/lt\/wp-json\/wp\/v2\/media?parent=832"}],"wp:term":[{"taxonomy":"category","embeddable":true,"href":"https:\/\/www.vytautasbelt.eu\/lt\/wp-json\/wp\/v2\/categories?post=832"},{"taxonomy":"post_tag","embeddable":true,"href":"https:\/\/www.vytautasbelt.eu\/lt\/wp-json\/wp\/v2\/tags?post=832"}],"curies":[{"name":"wp","href":"https:\/\/api.w.org\/{rel}","templated":true}]}}