{"id":828,"date":"2023-07-12T16:21:17","date_gmt":"2023-07-12T13:21:17","guid":{"rendered":"https:\/\/www.vytautasbelt.eu\/antrasis-projekto-susitikimas-lietuvoje\/"},"modified":"2023-07-12T16:21:17","modified_gmt":"2023-07-12T13:21:17","slug":"antrasis-projekto-susitikimas-lietuvoje","status":"publish","type":"post","link":"https:\/\/www.vytautasbelt.eu\/lt\/antrasis-projekto-susitikimas-lietuvoje\/","title":{"rendered":"Antrasis projekto susitikimas Lietuvoje"},"content":{"rendered":"<p><strong>Neseniai Lietuvoje \u012fvyko antrasis programos \u201eK\u016brybi\u0161ka Europa\u201c remiamas projektas \u201eSkaitmenin\u0117 transformacija siekiant kult\u016bros paveldo geb\u0117jim\u0173 stiprinimo Lietuvoje, Lenkijoje ir Ukrainoje\u201c, pa\u017eym\u0117damas reik\u0161ming\u0105 projekto eig\u0105. Susitikime, kur\u012f sureng\u0117 \u0160vietimo tyrim\u0173 ir inovacij\u0173 institutas (IERI), atstovaujamas Simono Te\u0161kevi\u010diaus ir Barbaros Stankiewicz, dalyvavo projekto partneriai i\u0161 Graikijos (Dimitra Dalamagka), Lietuvos, Lenkijos ir Ukrainos, demonstruodami bendradarbiavimo dvasi\u0105 ir tarptautin\u0119 mast\u0105. \u0161i\u0105 iniciatyv\u0105. <\/strong><\/p>\n<p><img decoding=\"async\" class=\"alignnone wp-image-82 size-full\" src=\"https:\/\/www.vytautasbelt.eu\/wp-content\/uploads\/2024\/08\/Druha-zustrich-proiektu-v-Lytvi-4.2.jpeg\" alt=\"\" width=\"2048\" height=\"1536\" srcset=\"https:\/\/www.vytautasbelt.eu\/wp-content\/uploads\/2024\/08\/Druha-zustrich-proiektu-v-Lytvi-4.2.jpeg 2048w, https:\/\/www.vytautasbelt.eu\/wp-content\/uploads\/2024\/08\/Druha-zustrich-proiektu-v-Lytvi-4.2-300x225.jpeg 300w, https:\/\/www.vytautasbelt.eu\/wp-content\/uploads\/2024\/08\/Druha-zustrich-proiektu-v-Lytvi-4.2-1024x768.jpeg 1024w\" sizes=\"(max-width: 2048px) 100vw, 2048px\" \/><\/p>\n<p>Susitikimas prasid\u0117jo \u0161iltu sutikimu Vilniaus universitete \u2013 vienoje presti\u017ei\u0161kiausi\u0173 mokymo \u012fstaig\u0173 Lietuvoje. Partneriai susib\u016br\u0117 istorin\u0117je aplinkoje, kuri buvo \u012fkvepiantis fonas diskusijoms apie kult\u016bros paveldo i\u0161saugojim\u0105 ir propagavim\u0105 per skaitmenin\u0119 transformacij\u0105. Kiekvienas partneris pristat\u0117 naujausi\u0105 informacij\u0105 apie savo atitinkam\u0105 ind\u0117l\u012f \u012f projekt\u0105, pabr\u0117\u017edamas pa\u017eang\u0105, padaryt\u0105 nuo pradinio susitikimo.  <\/p>\n<p><img decoding=\"async\" class=\"alignnone wp-image-83 size-full\" src=\"https:\/\/www.vytautasbelt.eu\/wp-content\/uploads\/2024\/08\/Druha-zustrich-proiektu-v-Lytvi-4.3.jpeg\" alt=\"Antrasis projekto susitikimas Lietuvoje\" width=\"1536\" height=\"2048\" srcset=\"https:\/\/www.vytautasbelt.eu\/wp-content\/uploads\/2024\/08\/Druha-zustrich-proiektu-v-Lytvi-4.3.jpeg 1536w, https:\/\/www.vytautasbelt.eu\/wp-content\/uploads\/2024\/08\/Druha-zustrich-proiektu-v-Lytvi-4.3-225x300.jpeg 225w, https:\/\/www.vytautasbelt.eu\/wp-content\/uploads\/2024\/08\/Druha-zustrich-proiektu-v-Lytvi-4.3-768x1024.jpeg 768w\" sizes=\"(max-width: 1536px) 100vw, 1536px\" \/><\/p>\n<p>Diskusijos buvo i\u0161samios ir sutelktos \u012f kelet\u0105 pagrindini\u0173 sri\u010di\u0173. Pirmiausia partneriai ap\u017evelg\u0117 skaitmenini\u0173 modeli\u0173 k\u016brimui reikalingus reikalavimus, dalijosi patirtimi ir \u012f\u017evalgomis, aptar\u0117 i\u0161\u0161\u016bkius, su kuriais galima susidurti, ir sprendimus, kurie jiems \u012fveikti. Nema\u017ea susitikimo dalis buvo skirta tolimesniems skaitmeninio turizmo mar\u0161ruto \u201eVytauto dir\u017eas\u201c k\u016brimo \u017eingsniams planuoti. \u0160iuo novatori\u0161ku mar\u0161rutu siekiama sujungti \u012fvairius Lietuvos, Lenkijos ir Ukrainos kult\u016bros paveldo objektus, sukuriant interaktyvi\u0105 ir patraukli\u0105 patirt\u012f tiek vietiniams, tiek tarptautiniams turistams. Partneriai aptar\u0117 AR element\u0173 integravim\u0105 \u012f mobili\u0105j\u0105 aplikacij\u0105, kuri leis vartotojams patirti istorines vietas savo buvusioje \u0161lov\u0117je, suteikdama unikali\u0105 virtualios kelion\u0117s patirt\u012f.    <\/p>\n<p><img decoding=\"async\" class=\"alignnone wp-image-84 size-full\" src=\"https:\/\/www.vytautasbelt.eu\/wp-content\/uploads\/2024\/08\/Druha-zustrich-proiektu-v-Lytvi-4.4.jpeg\" alt=\"Antrasis projekto susitikimas Lietuvoje\" width=\"2048\" height=\"1367\" srcset=\"https:\/\/www.vytautasbelt.eu\/wp-content\/uploads\/2024\/08\/Druha-zustrich-proiektu-v-Lytvi-4.4.jpeg 2048w, https:\/\/www.vytautasbelt.eu\/wp-content\/uploads\/2024\/08\/Druha-zustrich-proiektu-v-Lytvi-4.4-300x200.jpeg 300w, https:\/\/www.vytautasbelt.eu\/wp-content\/uploads\/2024\/08\/Druha-zustrich-proiektu-v-Lytvi-4.4-1024x684.jpeg 1024w\" sizes=\"(max-width: 2048px) 100vw, 2048px\" \/><\/p>\n<p>Susitikimo metu taip pat buvo aplankytas Trak\u0173 muziejus \u2013 turtinga istorin\u0117s reik\u0161m\u0117s vieta. Trakai, gars\u0117jantys vaizdinga pilimi saloje, suteik\u0117 ap\u010diuopiam\u0105 ry\u0161\u012f su projekto akcentu Vytautui Did\u017eiajam. Apsilankymas muziejuje buvo ne tik edukacin\u0117 patirtis, bet ir galimyb\u0117 i\u0161tirti galim\u0105 bendradarbiavim\u0105 su vietos kult\u016bros institucijomis. Buvo diskutuojama, kaip Trak\u0173 istorinius pasakojimus \u012ftraukti \u012f skaitmenines rekonstrukcijas, u\u017etikrinant autenti\u0161k\u0105 kra\u0161to paveldo reprezentacij\u0105.   <\/p>\n<p><img decoding=\"async\" class=\"alignnone wp-image-85 size-full\" src=\"https:\/\/www.vytautasbelt.eu\/wp-content\/uploads\/2024\/08\/Druha-zustrich-proiektu-v-Lytvi-4.5.jpeg\" alt=\"\" width=\"2048\" height=\"1367\" srcset=\"https:\/\/www.vytautasbelt.eu\/wp-content\/uploads\/2024\/08\/Druha-zustrich-proiektu-v-Lytvi-4.5.jpeg 2048w, https:\/\/www.vytautasbelt.eu\/wp-content\/uploads\/2024\/08\/Druha-zustrich-proiektu-v-Lytvi-4.5-300x200.jpeg 300w, https:\/\/www.vytautasbelt.eu\/wp-content\/uploads\/2024\/08\/Druha-zustrich-proiektu-v-Lytvi-4.5-1024x684.jpeg 1024w\" sizes=\"(max-width: 2048px) 100vw, 2048px\" \/> <img decoding=\"async\" class=\"alignnone wp-image-86 size-full\" src=\"https:\/\/www.vytautasbelt.eu\/wp-content\/uploads\/2024\/08\/Druha-zustrich-proiektu-v-Lytvi-4.6.jpeg\" alt=\"\" width=\"2048\" height=\"1367\" srcset=\"https:\/\/www.vytautasbelt.eu\/wp-content\/uploads\/2024\/08\/Druha-zustrich-proiektu-v-Lytvi-4.6.jpeg 2048w, https:\/\/www.vytautasbelt.eu\/wp-content\/uploads\/2024\/08\/Druha-zustrich-proiektu-v-Lytvi-4.6-300x200.jpeg 300w, https:\/\/www.vytautasbelt.eu\/wp-content\/uploads\/2024\/08\/Druha-zustrich-proiektu-v-Lytvi-4.6-1024x684.jpeg 1024w\" sizes=\"(max-width: 2048px) 100vw, 2048px\" \/> <img decoding=\"async\" class=\"alignnone wp-image-87 size-full\" src=\"https:\/\/www.vytautasbelt.eu\/wp-content\/uploads\/2024\/08\/Druha-zustrich-proiektu-v-Lytvi-4.8.jpeg\" alt=\"\" width=\"2048\" height=\"1367\" srcset=\"https:\/\/www.vytautasbelt.eu\/wp-content\/uploads\/2024\/08\/Druha-zustrich-proiektu-v-Lytvi-4.8.jpeg 2048w, https:\/\/www.vytautasbelt.eu\/wp-content\/uploads\/2024\/08\/Druha-zustrich-proiektu-v-Lytvi-4.8-300x200.jpeg 300w, https:\/\/www.vytautasbelt.eu\/wp-content\/uploads\/2024\/08\/Druha-zustrich-proiektu-v-Lytvi-4.8-1024x684.jpeg 1024w\" sizes=\"(max-width: 2048px) 100vw, 2048px\" \/> <img decoding=\"async\" class=\"alignnone wp-image-88 size-full\" src=\"https:\/\/www.vytautasbelt.eu\/wp-content\/uploads\/2024\/08\/Druha-zustrich-proiektu-v-Lytvi-4.9.jpeg\" alt=\"\" width=\"2048\" height=\"1367\" srcset=\"https:\/\/www.vytautasbelt.eu\/wp-content\/uploads\/2024\/08\/Druha-zustrich-proiektu-v-Lytvi-4.9.jpeg 2048w, https:\/\/www.vytautasbelt.eu\/wp-content\/uploads\/2024\/08\/Druha-zustrich-proiektu-v-Lytvi-4.9-300x200.jpeg 300w, https:\/\/www.vytautasbelt.eu\/wp-content\/uploads\/2024\/08\/Druha-zustrich-proiektu-v-Lytvi-4.9-1024x684.jpeg 1024w\" sizes=\"(max-width: 2048px) 100vw, 2048px\" \/><\/p>\n","protected":false},"excerpt":{"rendered":"<p>Neseniai Lietuvoje \u012fvyko antrasis programos \u201eK\u016brybi\u0161ka Europa\u201c remiamas projektas \u201eSkaitmenin\u0117 transformacija siekiant kult\u016bros paveldo geb\u0117jim\u0173 stiprinimo Lietuvoje, Lenkijoje ir Ukrainoje\u201c, pa\u017eym\u0117damas reik\u0161ming\u0105 projekto eig\u0105. Susitikime, kur\u012f sureng\u0117 \u0160vietimo tyrim\u0173 ir inovacij\u0173 institutas (IERI), atstovaujamas Simono Te\u0161kevi\u010diaus ir Barbaros Stankiewicz, dalyvavo projekto partneriai i\u0161 Graikijos (Dimitra Dalamagka), Lietuvos, Lenkijos ir Ukrainos, demonstruodami bendradarbiavimo dvasi\u0105 ir tarptautin\u0119&#8230;<\/p>\n","protected":false},"author":1,"featured_media":568,"comment_status":"closed","ping_status":"open","sticky":false,"template":"","format":"standard","meta":{"footnotes":""},"categories":[7],"tags":[],"class_list":["post-828","post","type-post","status-publish","format-standard","has-post-thumbnail","hentry","category-uncategorized-lt"],"_links":{"self":[{"href":"https:\/\/www.vytautasbelt.eu\/lt\/wp-json\/wp\/v2\/posts\/828","targetHints":{"allow":["GET"]}}],"collection":[{"href":"https:\/\/www.vytautasbelt.eu\/lt\/wp-json\/wp\/v2\/posts"}],"about":[{"href":"https:\/\/www.vytautasbelt.eu\/lt\/wp-json\/wp\/v2\/types\/post"}],"author":[{"embeddable":true,"href":"https:\/\/www.vytautasbelt.eu\/lt\/wp-json\/wp\/v2\/users\/1"}],"replies":[{"embeddable":true,"href":"https:\/\/www.vytautasbelt.eu\/lt\/wp-json\/wp\/v2\/comments?post=828"}],"version-history":[{"count":0,"href":"https:\/\/www.vytautasbelt.eu\/lt\/wp-json\/wp\/v2\/posts\/828\/revisions"}],"wp:featuredmedia":[{"embeddable":true,"href":"https:\/\/www.vytautasbelt.eu\/lt\/wp-json\/wp\/v2\/media\/568"}],"wp:attachment":[{"href":"https:\/\/www.vytautasbelt.eu\/lt\/wp-json\/wp\/v2\/media?parent=828"}],"wp:term":[{"taxonomy":"category","embeddable":true,"href":"https:\/\/www.vytautasbelt.eu\/lt\/wp-json\/wp\/v2\/categories?post=828"},{"taxonomy":"post_tag","embeddable":true,"href":"https:\/\/www.vytautasbelt.eu\/lt\/wp-json\/wp\/v2\/tags?post=828"}],"curies":[{"name":"wp","href":"https:\/\/api.w.org\/{rel}","templated":true}]}}