{"id":1083,"date":"2024-12-14T16:16:13","date_gmt":"2024-12-14T14:16:13","guid":{"rendered":"https:\/\/www.vytautasbelt.eu\/volyn-foundation-on-the-cultural-relations-between-ukraine-and-the-eu-results-of-2024-international-conference\/"},"modified":"2025-04-26T16:21:02","modified_gmt":"2025-04-26T13:21:02","slug":"volyn-foundation-on-the-cultural-relations-between-ukraine-and-the-eu-results-of-2024-international-conference","status":"publish","type":"post","link":"https:\/\/www.vytautasbelt.eu\/lt\/volyn-foundation-on-the-cultural-relations-between-ukraine-and-the-eu-results-of-2024-international-conference\/","title":{"rendered":"Voluin\u0117s fondo tarptautin\u0117 konferencija \u201eUkrainos ir ES kult\u016briniai santykiai: 2024 m. rezultatai\u201c"},"content":{"rendered":"<p><strong>2024 m. gruod\u017eio 12 d. Voluin\u0117s fondas dalyvavo Kijeve vykusioje tarptautin\u0117je konferencijoje \u201eUkrainos ir ES kult\u016briniai santykiai: 2024 m. rezultatai\u201c. ES programos \u201eK\u016brybi\u0161ka Europa\u201c organizuotas renginys suteik\u0117 platform\u0105 ap\u017evelgti Ukrainos organizacij\u0173 pasiekimus programoje, pabr\u0117\u017eti s\u0117kmingus projektus ir i\u0161tirti b\u016bsimas augimo ir bendradarbiavimo galimybes.<\/strong><\/p>\n<p>Voluin\u0117s fondo vadov\u0117 Anna Danylchuk pasidalijo \u012f\u017evalgomis apie fondo projekt\u0105 \u201eSkaitmenin\u0117 transformacija kult\u016bros paveldo geb\u0117jim\u0173 stiprinimui Lietuvoje, Lenkijoje ir Ukrainoje\u201c. \u0160is \u201eK\u016brybi\u0161kos Europos\u201c programos remiamas projektas skirtas su Vytautu Did\u017eiuoju susijusi\u0173 kult\u016bros paveldo objekt\u0173 ir pastat\u0173 skaitmeninimui, naudojant novatori\u0161kas 3D ir papildytosios realyb\u0117s technologijas. Atrinktas istorines vietas, esan\u010dias Ukrainoje, Lenkijoje ir Lietuvoje, vienija bendra istorin\u0117 kilm\u0117 ir kult\u016brin\u0117s praktikos.<\/p>\n<p><img decoding=\"async\" class=\"alignnone wp-image-1078 size-full\" src=\"https:\/\/www.vytautasbelt.eu\/wp-content\/uploads\/2025\/04\/3.2.jpg\" alt=\"\" width=\"1000\" height=\"667\" srcset=\"https:\/\/www.vytautasbelt.eu\/wp-content\/uploads\/2025\/04\/3.2.jpg 1000w, https:\/\/www.vytautasbelt.eu\/wp-content\/uploads\/2025\/04\/3.2-300x200.jpg 300w\" sizes=\"(max-width: 1000px) 100vw, 1000px\" \/><\/p>\n<p>Projekto partneriai suk\u016br\u0117 \u0161i\u0173 istorini\u0173 pastat\u0173 skaitmeninius modelius, suk\u016br\u0117 svetain\u0119, kurioje si\u016bloma nemokama prieiga prie suskaitmenint\u0173 objekt\u0173, ir suk\u016br\u0117 interaktyv\u0173 \u017eem\u0117lap\u012f, jungiant\u012f \u0161ias vietas su tarptautiniu turistiniu mar\u0161rutu \u201eVytauto juosta\u201c. Be to, mobilioji program\u0117l\u0117 leid\u017eia vartotojams patirti papildyt\u0105j\u0105 realyb\u0119 ir \u201ekeliauti laiku\u201c. \u0160i iniciatyva skatina skaitmenin\u012f turizm\u0105, tarpvalstybin\u012f bendradarbiavim\u0105 ir kult\u016brin\u012f dialog\u0105, kartu remdama turizmo sektoriaus atsigavim\u0105.<\/p>\n<p>Konferencija \u201eUkrainos ir ES kult\u016briniai santykiai: 2024 m. rezultatai\u201c taip pat buvo vertinga platforma tinklaveikai ir diskusijoms apie naujas meno ir \u0161vietimo projekt\u0173 tendencijas pagal program\u0105 \u201eK\u016brybi\u0161ka Europa\u201c, taip pat apie tarptautinio bendradarbiavimo i\u0161\u0161\u016bkius ir galimybes. Voluin\u0117s fondas ir toliau vadovauja \u0161ioms novatori\u0161koms iniciatyvoms, stiprindamas tarptautines partnerystes, skatindamas Ukrainos integracij\u0105 \u012f ES kult\u016br\u0105 ir stiprindamas kult\u016brinius mainus tarpvalstybiniu mastu.<\/p>\n","protected":false},"excerpt":{"rendered":"<p>2024 m. gruod\u017eio 12 d. Voluin\u0117s fondas dalyvavo Kijeve vykusioje tarptautin\u0117je konferencijoje \u201eUkrainos ir ES kult\u016briniai santykiai: 2024 m. rezultatai\u201c. ES programos \u201eK\u016brybi\u0161ka Europa\u201c organizuotas renginys suteik\u0117 platform\u0105 ap\u017evelgti Ukrainos organizacij\u0173 pasiekimus programoje, pabr\u0117\u017eti s\u0117kmingus projektus ir i\u0161tirti b\u016bsimas augimo ir bendradarbiavimo galimybes. Voluin\u0117s fondo vadov\u0117 Anna Danylchuk pasidalijo \u012f\u017evalgomis apie fondo projekt\u0105 \u201eSkaitmenin\u0117 transformacija&#8230;<\/p>\n","protected":false},"author":1,"featured_media":1075,"comment_status":"closed","ping_status":"open","sticky":false,"template":"","format":"standard","meta":{"footnotes":""},"categories":[7],"tags":[],"class_list":["post-1083","post","type-post","status-publish","format-standard","has-post-thumbnail","hentry","category-uncategorized-lt"],"_links":{"self":[{"href":"https:\/\/www.vytautasbelt.eu\/lt\/wp-json\/wp\/v2\/posts\/1083","targetHints":{"allow":["GET"]}}],"collection":[{"href":"https:\/\/www.vytautasbelt.eu\/lt\/wp-json\/wp\/v2\/posts"}],"about":[{"href":"https:\/\/www.vytautasbelt.eu\/lt\/wp-json\/wp\/v2\/types\/post"}],"author":[{"embeddable":true,"href":"https:\/\/www.vytautasbelt.eu\/lt\/wp-json\/wp\/v2\/users\/1"}],"replies":[{"embeddable":true,"href":"https:\/\/www.vytautasbelt.eu\/lt\/wp-json\/wp\/v2\/comments?post=1083"}],"version-history":[{"count":2,"href":"https:\/\/www.vytautasbelt.eu\/lt\/wp-json\/wp\/v2\/posts\/1083\/revisions"}],"predecessor-version":[{"id":1085,"href":"https:\/\/www.vytautasbelt.eu\/lt\/wp-json\/wp\/v2\/posts\/1083\/revisions\/1085"}],"wp:featuredmedia":[{"embeddable":true,"href":"https:\/\/www.vytautasbelt.eu\/lt\/wp-json\/wp\/v2\/media\/1075"}],"wp:attachment":[{"href":"https:\/\/www.vytautasbelt.eu\/lt\/wp-json\/wp\/v2\/media?parent=1083"}],"wp:term":[{"taxonomy":"category","embeddable":true,"href":"https:\/\/www.vytautasbelt.eu\/lt\/wp-json\/wp\/v2\/categories?post=1083"},{"taxonomy":"post_tag","embeddable":true,"href":"https:\/\/www.vytautasbelt.eu\/lt\/wp-json\/wp\/v2\/tags?post=1083"}],"curies":[{"name":"wp","href":"https:\/\/api.w.org\/{rel}","templated":true}]}}